{"id":4212,"date":"2024-06-10T13:37:41","date_gmt":"2024-06-10T11:37:41","guid":{"rendered":"https:\/\/bbf.ba\/?p=4212"},"modified":"2025-09-05T14:30:35","modified_gmt":"2025-09-05T12:30:35","slug":"grad-mostar-stao-uz-organizaciju-continental-blidinje-bike-festivala","status":"publish","type":"post","link":"https:\/\/bbf.ba\/en\/grad-mostar-stao-uz-organizaciju-continental-blidinje-bike-festivala\/","title":{"rendered":"The city of Mostar supported the organization of the Continental Blidinje BIKE Festival"},"content":{"rendered":"<p>The city of Mostar provided strong support to the event Continental Blidinje BIKE Festival, one of the largest cycling festivals in Bosnia and Herzegovina, which is held in the wonderful location of the Blidinje Nature Park.<\/p>\n\n\n\n<p>The Continental Blidinje BIKE Festival, known for bringing together lovers of cycling, nature and adventure, has become an unmissable event for everyone who appreciates an active lifestyle and the preservation of natural beauty. The city of Mostar, recognizing the importance of such events for the promotion of tourism and sports, decided to provide full support to the organization of the festival.<\/p>\n\n\n\n<div class=\"wp-block-columns is-layout-flex wp-container-core-columns-is-layout-9d6595d7 wp-block-columns-is-layout-flex\">\n<div class=\"wp-block-column is-layout-flow wp-block-column-is-layout-flow\">\n<figure class=\"wp-block-image size-large\"><img fetchpriority=\"high\" decoding=\"async\" width=\"1024\" height=\"683\" src=\"https:\/\/bbf.ba\/wp-content\/uploads\/2024\/06\/Grad-Mostar-Blidinje-Bike-Festival-slika-2-1024x683.jpeg\" alt=\"\" class=\"wp-image-4214\" srcset=\"https:\/\/bbf.ba\/wp-content\/uploads\/2024\/06\/Grad-Mostar-Blidinje-Bike-Festival-slika-2-1024x683.jpeg 1024w, https:\/\/bbf.ba\/wp-content\/uploads\/2024\/06\/Grad-Mostar-Blidinje-Bike-Festival-slika-2-300x200.jpeg 300w, https:\/\/bbf.ba\/wp-content\/uploads\/2024\/06\/Grad-Mostar-Blidinje-Bike-Festival-slika-2-768x512.jpeg 768w, https:\/\/bbf.ba\/wp-content\/uploads\/2024\/06\/Grad-Mostar-Blidinje-Bike-Festival-slika-2-18x12.jpeg 18w, https:\/\/bbf.ba\/wp-content\/uploads\/2024\/06\/Grad-Mostar-Blidinje-Bike-Festival-slika-2-770x513.jpeg 770w, https:\/\/bbf.ba\/wp-content\/uploads\/2024\/06\/Grad-Mostar-Blidinje-Bike-Festival-slika-2.jpeg 1200w\" sizes=\"(max-width: 1024px) 100vw, 1024px\" \/><\/figure>\n<\/div>\n\n\n\n<div class=\"wp-block-column is-layout-flow wp-block-column-is-layout-flow\">\n<figure class=\"wp-block-image size-large\"><img decoding=\"async\" width=\"1024\" height=\"683\" src=\"https:\/\/bbf.ba\/wp-content\/uploads\/2024\/06\/Grad-Mostar-Blidinje-Bike-Festival-slika-5-1024x683.jpeg\" alt=\"\" class=\"wp-image-4217\" srcset=\"https:\/\/bbf.ba\/wp-content\/uploads\/2024\/06\/Grad-Mostar-Blidinje-Bike-Festival-slika-5-1024x683.jpeg 1024w, https:\/\/bbf.ba\/wp-content\/uploads\/2024\/06\/Grad-Mostar-Blidinje-Bike-Festival-slika-5-300x200.jpeg 300w, https:\/\/bbf.ba\/wp-content\/uploads\/2024\/06\/Grad-Mostar-Blidinje-Bike-Festival-slika-5-768x512.jpeg 768w, https:\/\/bbf.ba\/wp-content\/uploads\/2024\/06\/Grad-Mostar-Blidinje-Bike-Festival-slika-5-18x12.jpeg 18w, https:\/\/bbf.ba\/wp-content\/uploads\/2024\/06\/Grad-Mostar-Blidinje-Bike-Festival-slika-5-770x513.jpeg 770w, https:\/\/bbf.ba\/wp-content\/uploads\/2024\/06\/Grad-Mostar-Blidinje-Bike-Festival-slika-5.jpeg 1200w\" sizes=\"(max-width: 1024px) 100vw, 1024px\" \/><\/figure>\n<\/div>\n<\/div>\n\n\n\n<p>The president of the Bicycling Association of Bosnia and Herzegovina and one of the organizers of this important event for sports met today in the City Hall of the City of Mostar with the mayor of Mostar <strong>Mario Kordic<\/strong> and the president of the City Council <strong>Salem Mari\u0107<\/strong>, with which he presented the vision and mission behind the idea of \u200b\u200borganizing such an important event in a pleasant atmosphere and conversation. It is important to say that in 2024 the organization of the Continental Blidinje BIKE Festival is on the calendar of the Balkan Federation, as well as on the calendar of the International Cycling Federation, where it is a UCI event of the high UCI Class 1 category. All this says that this year Blidinje will host around 20 countries of the world, and in this way we will promote the Blidinje Nature Park and Bosnia and Herzegovina as a must-see cycling destination.<\/p>\n\n\n\n<figure class=\"wp-block-image aligncenter size-large\"><img decoding=\"async\" width=\"1024\" height=\"709\" src=\"https:\/\/bbf.ba\/wp-content\/uploads\/2024\/06\/Naslovnica-dogadaja-BBF-1024x709.jpg\" alt=\"\" class=\"wp-image-4220\" srcset=\"https:\/\/bbf.ba\/wp-content\/uploads\/2024\/06\/Naslovnica-dogadaja-BBF-1024x709.jpg 1024w, https:\/\/bbf.ba\/wp-content\/uploads\/2024\/06\/Naslovnica-dogadaja-BBF-300x208.jpg 300w, https:\/\/bbf.ba\/wp-content\/uploads\/2024\/06\/Naslovnica-dogadaja-BBF-768x532.jpg 768w, https:\/\/bbf.ba\/wp-content\/uploads\/2024\/06\/Naslovnica-dogadaja-BBF-18x12.jpg 18w, https:\/\/bbf.ba\/wp-content\/uploads\/2024\/06\/Naslovnica-dogadaja-BBF-770x533.jpg 770w, https:\/\/bbf.ba\/wp-content\/uploads\/2024\/06\/Naslovnica-dogadaja-BBF.jpg 1200w\" sizes=\"(max-width: 1024px) 100vw, 1024px\" \/><\/figure>\n\n\n\n<p>\u201c<em>The support of the City of Mostar towards the Continental Blidinje BIKE Festival is of great importance for our city and region. This is an opportunity to show the beauty of our nature, promote cycling as a healthy way of life and attract tourists from all over the world<\/em>,\" stated <strong>Toni Zori\u0107<\/strong>, predsjednik Biciklisti\u010dkog saveza Bosne i Hercegovine. \u201c<em>In Herzegovina, an extremely large amount of work has been done in terms of cycle tourism, and today, thanks to the hardworking team behind the \"HerzegovinaBike\" Association, our country is renowned as an excellent cycle tourism destination. Continental Blidinje BIKE Festival is another top media channel through which we strive to promote everything we have in Bosnia and Herzegovina when it comes to cycle tourism. This year, that promotion is going to 20 countries around the world, which is certainly no small thing. We, as organizers, have great experience and human capacity in organizing these events, and the support of the authorities at all levels is a key aspect and partner in order to present our country in the best possible light.<\/em>Zori\u0107 added.<\/p>\n\n\n\n<div class=\"wp-block-columns is-layout-flex wp-container-core-columns-is-layout-9d6595d7 wp-block-columns-is-layout-flex\">\n<div class=\"wp-block-column is-layout-flow wp-block-column-is-layout-flow\">\n<figure class=\"wp-block-image size-large\"><img loading=\"lazy\" decoding=\"async\" width=\"1024\" height=\"695\" src=\"https:\/\/bbf.ba\/wp-content\/uploads\/2024\/06\/Grad-Mostar-Blidinje-Bike-Festival-slika-3-1024x695.jpeg\" alt=\"\" class=\"wp-image-4215\" srcset=\"https:\/\/bbf.ba\/wp-content\/uploads\/2024\/06\/Grad-Mostar-Blidinje-Bike-Festival-slika-3-1024x695.jpeg 1024w, https:\/\/bbf.ba\/wp-content\/uploads\/2024\/06\/Grad-Mostar-Blidinje-Bike-Festival-slika-3-300x204.jpeg 300w, https:\/\/bbf.ba\/wp-content\/uploads\/2024\/06\/Grad-Mostar-Blidinje-Bike-Festival-slika-3-768x521.jpeg 768w, https:\/\/bbf.ba\/wp-content\/uploads\/2024\/06\/Grad-Mostar-Blidinje-Bike-Festival-slika-3-18x12.jpeg 18w, https:\/\/bbf.ba\/wp-content\/uploads\/2024\/06\/Grad-Mostar-Blidinje-Bike-Festival-slika-3-770x522.jpeg 770w, https:\/\/bbf.ba\/wp-content\/uploads\/2024\/06\/Grad-Mostar-Blidinje-Bike-Festival-slika-3.jpeg 1200w\" sizes=\"(max-width: 1024px) 100vw, 1024px\" \/><\/figure>\n<\/div>\n\n\n\n<div class=\"wp-block-column is-layout-flow wp-block-column-is-layout-flow\">\n<figure class=\"wp-block-image size-large\"><img loading=\"lazy\" decoding=\"async\" width=\"1024\" height=\"683\" src=\"https:\/\/bbf.ba\/wp-content\/uploads\/2024\/06\/Grad-Mostar-Blidinje-Bike-Festival-slika-6-1024x683.jpeg\" alt=\"\" class=\"wp-image-4218\" srcset=\"https:\/\/bbf.ba\/wp-content\/uploads\/2024\/06\/Grad-Mostar-Blidinje-Bike-Festival-slika-6-1024x683.jpeg 1024w, https:\/\/bbf.ba\/wp-content\/uploads\/2024\/06\/Grad-Mostar-Blidinje-Bike-Festival-slika-6-300x200.jpeg 300w, https:\/\/bbf.ba\/wp-content\/uploads\/2024\/06\/Grad-Mostar-Blidinje-Bike-Festival-slika-6-768x512.jpeg 768w, https:\/\/bbf.ba\/wp-content\/uploads\/2024\/06\/Grad-Mostar-Blidinje-Bike-Festival-slika-6-18x12.jpeg 18w, https:\/\/bbf.ba\/wp-content\/uploads\/2024\/06\/Grad-Mostar-Blidinje-Bike-Festival-slika-6-770x513.jpeg 770w, https:\/\/bbf.ba\/wp-content\/uploads\/2024\/06\/Grad-Mostar-Blidinje-Bike-Festival-slika-6.jpeg 1200w\" sizes=\"(max-width: 1024px) 100vw, 1024px\" \/><\/figure>\n<\/div>\n<\/div>\n\n\n\n<p>The festival offers a variety of cycling activities throughout the three days of the event, with trails that pass through the spectacular landscapes of the Blidinje Nature Park, allowing participants to enjoy incredible panoramas, clean air and untouched nature. The program includes bicycle races as the central part of the event, but also recreational bicycle rides for the whole family, workshops and various fun activities for younger generations, and educational workshops that will be held this year by International UCI lecturers, which provides a unique experience for all visitors.<\/p>\n\n\n\n<p>The organizers of the festival expressed their great gratitude to the City of Mostar for their support, stressing that this kind of cooperation is essential for the success and further growth of the event. \"<em>The support of the City of Mostar means a lot to us. Together we can achieve even greater results, events at even greater levels and attract an even greater number of participants<\/em>\u201c.<\/p>\n\n\n\n<div class=\"wp-block-columns is-layout-flex wp-container-core-columns-is-layout-9d6595d7 wp-block-columns-is-layout-flex\">\n<div class=\"wp-block-column is-layout-flow wp-block-column-is-layout-flow\">\n<figure class=\"wp-block-image size-large\"><img loading=\"lazy\" decoding=\"async\" width=\"1024\" height=\"683\" src=\"https:\/\/bbf.ba\/wp-content\/uploads\/2024\/06\/Grad-Mostar-Blidinje-Bike-Festival-slika-4-1024x683.jpeg\" alt=\"\" class=\"wp-image-4216\" srcset=\"https:\/\/bbf.ba\/wp-content\/uploads\/2024\/06\/Grad-Mostar-Blidinje-Bike-Festival-slika-4-1024x683.jpeg 1024w, https:\/\/bbf.ba\/wp-content\/uploads\/2024\/06\/Grad-Mostar-Blidinje-Bike-Festival-slika-4-300x200.jpeg 300w, https:\/\/bbf.ba\/wp-content\/uploads\/2024\/06\/Grad-Mostar-Blidinje-Bike-Festival-slika-4-768x512.jpeg 768w, https:\/\/bbf.ba\/wp-content\/uploads\/2024\/06\/Grad-Mostar-Blidinje-Bike-Festival-slika-4-18x12.jpeg 18w, https:\/\/bbf.ba\/wp-content\/uploads\/2024\/06\/Grad-Mostar-Blidinje-Bike-Festival-slika-4-770x513.jpeg 770w, https:\/\/bbf.ba\/wp-content\/uploads\/2024\/06\/Grad-Mostar-Blidinje-Bike-Festival-slika-4.jpeg 1200w\" sizes=\"(max-width: 1024px) 100vw, 1024px\" \/><\/figure>\n<\/div>\n\n\n\n<div class=\"wp-block-column is-layout-flow wp-block-column-is-layout-flow\">\n<figure class=\"wp-block-image size-large\"><img loading=\"lazy\" decoding=\"async\" width=\"1024\" height=\"683\" src=\"https:\/\/bbf.ba\/wp-content\/uploads\/2024\/06\/Grad-Mostar-Blidinje-Bike-Festival-slika-7-1024x683.jpeg\" alt=\"\" class=\"wp-image-4219\" srcset=\"https:\/\/bbf.ba\/wp-content\/uploads\/2024\/06\/Grad-Mostar-Blidinje-Bike-Festival-slika-7-1024x683.jpeg 1024w, https:\/\/bbf.ba\/wp-content\/uploads\/2024\/06\/Grad-Mostar-Blidinje-Bike-Festival-slika-7-300x200.jpeg 300w, https:\/\/bbf.ba\/wp-content\/uploads\/2024\/06\/Grad-Mostar-Blidinje-Bike-Festival-slika-7-768x512.jpeg 768w, https:\/\/bbf.ba\/wp-content\/uploads\/2024\/06\/Grad-Mostar-Blidinje-Bike-Festival-slika-7-18x12.jpeg 18w, https:\/\/bbf.ba\/wp-content\/uploads\/2024\/06\/Grad-Mostar-Blidinje-Bike-Festival-slika-7-770x513.jpeg 770w, https:\/\/bbf.ba\/wp-content\/uploads\/2024\/06\/Grad-Mostar-Blidinje-Bike-Festival-slika-7.jpeg 1200w\" sizes=\"(max-width: 1024px) 100vw, 1024px\" \/><\/figure>\n<\/div>\n<\/div>\n\n\n\n<p>The Continental Blidinje BIKE Festival is becoming a symbol of community, sport and ecology, and with the support of the City of Mostar, as well as authorities from all levels, from local to national, this event has every predisposition to become an even bigger and more significant event on the map of European cycling events.<\/p>","protected":false},"excerpt":{"rendered":"<p>Grad Mostar pru\u017eio je sna\u017enu podr\u0161ku doga\u0111aju Continental Blidinje BIKE Festivalu, jednom od najve\u0107ih biciklisti\u010dkih festivala u Bosni i Hercegovini, koji se odr\u017eava u predivnom lokalitetu Parka prirode Blidinje. Continental Blidinje BIKE Festival, poznat po spajanju ljubitelja biciklizma, prirode i avanture, postao je nezaobilazna manifestacija za sve koji cijene aktivan na\u010din \u017eivota i o\u010duvanje prirodne ljepote. Grad Mostar, prepoznaju\u0107i va\u017enost ovakvih doga\u0111aja za promociju turizma i sporta, odlu\u010dio je pru\u017eiti[&hellip;]<\/p>\n","protected":false},"author":2,"featured_media":4213,"comment_status":"closed","ping_status":"open","sticky":false,"template":"","format":"standard","meta":{"_acf_changed":false,"footnotes":""},"categories":[60],"tags":[],"class_list":["post-4212","post","type-post","status-publish","format-standard","has-post-thumbnail","hentry","category-news"],"acf":[],"yoast_head":"<!-- This site is optimized with the Yoast SEO Premium plugin v21.7 (Yoast SEO v27.3) - https:\/\/yoast.com\/product\/yoast-seo-premium-wordpress\/ -->\n<title>Grad Mostar stao uz organizaciju Continental Blidinje BIKE Festivala - Blidinje BIKE Festival<\/title>\n<meta name=\"description\" content=\"Grad Mostar pru\u017eio je sna\u017enu podr\u0161ku doga\u0111aju Continental Blidinje BIKE Festivalu, jednom od najve\u0107ih biciklisti\u010dkih festivala u BIH...\" \/>\n<meta name=\"robots\" content=\"index, follow, max-snippet:-1, max-image-preview:large, max-video-preview:-1\" \/>\n<link rel=\"canonical\" href=\"https:\/\/bbf.ba\/en\/grad-mostar-stao-uz-organizaciju-continental-blidinje-bike-festivala\/\" \/>\n<meta property=\"og:locale\" content=\"en_US\" \/>\n<meta property=\"og:type\" content=\"article\" \/>\n<meta property=\"og:title\" content=\"Grad Mostar stao uz organizaciju Continental Blidinje BIKE Festivala\" \/>\n<meta property=\"og:description\" content=\"Grad Mostar pru\u017eio je sna\u017enu podr\u0161ku doga\u0111aju Continental Blidinje BIKE Festivalu, jednom od najve\u0107ih biciklisti\u010dkih festivala u BIH...\" \/>\n<meta property=\"og:url\" content=\"https:\/\/bbf.ba\/en\/grad-mostar-stao-uz-organizaciju-continental-blidinje-bike-festivala\/\" \/>\n<meta property=\"og:site_name\" content=\"Blidinje BIKE Festival\" \/>\n<meta property=\"article:published_time\" content=\"2024-06-10T11:37:41+00:00\" \/>\n<meta property=\"article:modified_time\" content=\"2025-09-05T12:30:35+00:00\" \/>\n<meta property=\"og:image\" content=\"https:\/\/bbf.ba\/wp-content\/uploads\/2024\/06\/Grad-Mostar-Blidinje-Bike-Festival-naslovna.jpg\" \/>\n\t<meta property=\"og:image:width\" content=\"1200\" \/>\n\t<meta property=\"og:image:height\" content=\"800\" \/>\n\t<meta property=\"og:image:type\" content=\"image\/jpeg\" \/>\n<meta name=\"author\" content=\"Herzegovina Bike\" \/>\n<meta name=\"twitter:card\" content=\"summary_large_image\" \/>\n<meta name=\"twitter:label1\" content=\"Written by\" \/>\n\t<meta name=\"twitter:data1\" content=\"Herzegovina Bike\" \/>\n\t<meta name=\"twitter:label2\" content=\"Est. reading time\" \/>\n\t<meta name=\"twitter:data2\" content=\"5 minutes\" \/>\n<script type=\"application\/ld+json\" class=\"yoast-schema-graph\">{\"@context\":\"https:\\\/\\\/schema.org\",\"@graph\":[{\"@type\":\"Article\",\"@id\":\"https:\\\/\\\/bbf.ba\\\/grad-mostar-stao-uz-organizaciju-continental-blidinje-bike-festivala\\\/#article\",\"isPartOf\":{\"@id\":\"https:\\\/\\\/bbf.ba\\\/grad-mostar-stao-uz-organizaciju-continental-blidinje-bike-festivala\\\/\"},\"author\":{\"name\":\"Herzegovina Bike\",\"@id\":\"https:\\\/\\\/bbf.ba\\\/#\\\/schema\\\/person\\\/24a532b695b1edacce0e714b91cd8b77\"},\"headline\":\"Grad Mostar stao uz organizaciju Continental Blidinje BIKE Festivala\",\"datePublished\":\"2024-06-10T11:37:41+00:00\",\"dateModified\":\"2025-09-05T12:30:35+00:00\",\"mainEntityOfPage\":{\"@id\":\"https:\\\/\\\/bbf.ba\\\/grad-mostar-stao-uz-organizaciju-continental-blidinje-bike-festivala\\\/\"},\"wordCount\":592,\"publisher\":{\"@id\":\"https:\\\/\\\/bbf.ba\\\/#organization\"},\"image\":{\"@id\":\"https:\\\/\\\/bbf.ba\\\/grad-mostar-stao-uz-organizaciju-continental-blidinje-bike-festivala\\\/#primaryimage\"},\"thumbnailUrl\":\"https:\\\/\\\/bbf.ba\\\/wp-content\\\/uploads\\\/2024\\\/06\\\/Grad-Mostar-Blidinje-Bike-Festival-naslovna.jpg\",\"articleSection\":[\"News\"],\"inLanguage\":\"en-US\"},{\"@type\":\"WebPage\",\"@id\":\"https:\\\/\\\/bbf.ba\\\/grad-mostar-stao-uz-organizaciju-continental-blidinje-bike-festivala\\\/\",\"url\":\"https:\\\/\\\/bbf.ba\\\/grad-mostar-stao-uz-organizaciju-continental-blidinje-bike-festivala\\\/\",\"name\":\"Grad Mostar stao uz organizaciju Continental Blidinje BIKE Festivala - Blidinje BIKE Festival\",\"isPartOf\":{\"@id\":\"https:\\\/\\\/bbf.ba\\\/#website\"},\"primaryImageOfPage\":{\"@id\":\"https:\\\/\\\/bbf.ba\\\/grad-mostar-stao-uz-organizaciju-continental-blidinje-bike-festivala\\\/#primaryimage\"},\"image\":{\"@id\":\"https:\\\/\\\/bbf.ba\\\/grad-mostar-stao-uz-organizaciju-continental-blidinje-bike-festivala\\\/#primaryimage\"},\"thumbnailUrl\":\"https:\\\/\\\/bbf.ba\\\/wp-content\\\/uploads\\\/2024\\\/06\\\/Grad-Mostar-Blidinje-Bike-Festival-naslovna.jpg\",\"datePublished\":\"2024-06-10T11:37:41+00:00\",\"dateModified\":\"2025-09-05T12:30:35+00:00\",\"description\":\"Grad Mostar pru\u017eio je sna\u017enu podr\u0161ku doga\u0111aju Continental Blidinje BIKE Festivalu, jednom od najve\u0107ih biciklisti\u010dkih festivala u BIH...\",\"breadcrumb\":{\"@id\":\"https:\\\/\\\/bbf.ba\\\/grad-mostar-stao-uz-organizaciju-continental-blidinje-bike-festivala\\\/#breadcrumb\"},\"inLanguage\":\"en-US\",\"potentialAction\":[{\"@type\":\"ReadAction\",\"target\":[\"https:\\\/\\\/bbf.ba\\\/grad-mostar-stao-uz-organizaciju-continental-blidinje-bike-festivala\\\/\"]}]},{\"@type\":\"ImageObject\",\"inLanguage\":\"en-US\",\"@id\":\"https:\\\/\\\/bbf.ba\\\/grad-mostar-stao-uz-organizaciju-continental-blidinje-bike-festivala\\\/#primaryimage\",\"url\":\"https:\\\/\\\/bbf.ba\\\/wp-content\\\/uploads\\\/2024\\\/06\\\/Grad-Mostar-Blidinje-Bike-Festival-naslovna.jpg\",\"contentUrl\":\"https:\\\/\\\/bbf.ba\\\/wp-content\\\/uploads\\\/2024\\\/06\\\/Grad-Mostar-Blidinje-Bike-Festival-naslovna.jpg\",\"width\":1200,\"height\":800},{\"@type\":\"BreadcrumbList\",\"@id\":\"https:\\\/\\\/bbf.ba\\\/grad-mostar-stao-uz-organizaciju-continental-blidinje-bike-festivala\\\/#breadcrumb\",\"itemListElement\":[{\"@type\":\"ListItem\",\"position\":1,\"name\":\"Home\",\"item\":\"https:\\\/\\\/bbf.ba\\\/\"},{\"@type\":\"ListItem\",\"position\":2,\"name\":\"Grad Mostar stao uz organizaciju Continental Blidinje BIKE Festivala\"}]},{\"@type\":\"WebSite\",\"@id\":\"https:\\\/\\\/bbf.ba\\\/#website\",\"url\":\"https:\\\/\\\/bbf.ba\\\/\",\"name\":\"Blidinje BIKE Festival\",\"description\":\"\",\"publisher\":{\"@id\":\"https:\\\/\\\/bbf.ba\\\/#organization\"},\"potentialAction\":[{\"@type\":\"SearchAction\",\"target\":{\"@type\":\"EntryPoint\",\"urlTemplate\":\"https:\\\/\\\/bbf.ba\\\/?s={search_term_string}\"},\"query-input\":{\"@type\":\"PropertyValueSpecification\",\"valueRequired\":true,\"valueName\":\"search_term_string\"}}],\"inLanguage\":\"en-US\"},{\"@type\":\"Organization\",\"@id\":\"https:\\\/\\\/bbf.ba\\\/#organization\",\"name\":\"Blidinje BIKE Festival\",\"url\":\"https:\\\/\\\/bbf.ba\\\/\",\"logo\":{\"@type\":\"ImageObject\",\"inLanguage\":\"en-US\",\"@id\":\"https:\\\/\\\/bbf.ba\\\/#\\\/schema\\\/logo\\\/image\\\/\",\"url\":\"https:\\\/\\\/bbf.ba\\\/wp-content\\\/uploads\\\/2023\\\/11\\\/cropped-Logo-plavi-transparent-BBF.png\",\"contentUrl\":\"https:\\\/\\\/bbf.ba\\\/wp-content\\\/uploads\\\/2023\\\/11\\\/cropped-Logo-plavi-transparent-BBF.png\",\"width\":512,\"height\":512,\"caption\":\"Blidinje BIKE Festival\"},\"image\":{\"@id\":\"https:\\\/\\\/bbf.ba\\\/#\\\/schema\\\/logo\\\/image\\\/\"}},{\"@type\":\"Person\",\"@id\":\"https:\\\/\\\/bbf.ba\\\/#\\\/schema\\\/person\\\/24a532b695b1edacce0e714b91cd8b77\",\"name\":\"Herzegovina Bike\",\"image\":{\"@type\":\"ImageObject\",\"inLanguage\":\"en-US\",\"@id\":\"https:\\\/\\\/secure.gravatar.com\\\/avatar\\\/1230becc54fa4eb7fc3243df288cb76c8ed772ec782045274280fff37c946897?s=96&d=mm&r=g\",\"url\":\"https:\\\/\\\/secure.gravatar.com\\\/avatar\\\/1230becc54fa4eb7fc3243df288cb76c8ed772ec782045274280fff37c946897?s=96&d=mm&r=g\",\"contentUrl\":\"https:\\\/\\\/secure.gravatar.com\\\/avatar\\\/1230becc54fa4eb7fc3243df288cb76c8ed772ec782045274280fff37c946897?s=96&d=mm&r=g\",\"caption\":\"Herzegovina Bike\"},\"sameAs\":[\"http:\\\/\\\/bbf.ba\"],\"url\":\"https:\\\/\\\/bbf.ba\\\/en\\\/author\\\/toni\\\/\"}]}<\/script>\n<!-- \/ Yoast SEO Premium plugin. -->","yoast_head_json":{"title":"Grad Mostar stao uz organizaciju Continental Blidinje BIKE Festivala - Blidinje BIKE Festival","description":"Grad Mostar pru\u017eio je sna\u017enu podr\u0161ku doga\u0111aju Continental Blidinje BIKE Festivalu, jednom od najve\u0107ih biciklisti\u010dkih festivala u BIH...","robots":{"index":"index","follow":"follow","max-snippet":"max-snippet:-1","max-image-preview":"max-image-preview:large","max-video-preview":"max-video-preview:-1"},"canonical":"https:\/\/bbf.ba\/en\/grad-mostar-stao-uz-organizaciju-continental-blidinje-bike-festivala\/","og_locale":"en_US","og_type":"article","og_title":"Grad Mostar stao uz organizaciju Continental Blidinje BIKE Festivala","og_description":"Grad Mostar pru\u017eio je sna\u017enu podr\u0161ku doga\u0111aju Continental Blidinje BIKE Festivalu, jednom od najve\u0107ih biciklisti\u010dkih festivala u BIH...","og_url":"https:\/\/bbf.ba\/en\/grad-mostar-stao-uz-organizaciju-continental-blidinje-bike-festivala\/","og_site_name":"Blidinje BIKE Festival","article_published_time":"2024-06-10T11:37:41+00:00","article_modified_time":"2025-09-05T12:30:35+00:00","og_image":[{"width":1200,"height":800,"url":"https:\/\/bbf.ba\/wp-content\/uploads\/2024\/06\/Grad-Mostar-Blidinje-Bike-Festival-naslovna.jpg","type":"image\/jpeg"}],"author":"Herzegovina Bike","twitter_card":"summary_large_image","twitter_misc":{"Written by":"Herzegovina Bike","Est. reading time":"5 minutes"},"schema":{"@context":"https:\/\/schema.org","@graph":[{"@type":"Article","@id":"https:\/\/bbf.ba\/grad-mostar-stao-uz-organizaciju-continental-blidinje-bike-festivala\/#article","isPartOf":{"@id":"https:\/\/bbf.ba\/grad-mostar-stao-uz-organizaciju-continental-blidinje-bike-festivala\/"},"author":{"name":"Herzegovina Bike","@id":"https:\/\/bbf.ba\/#\/schema\/person\/24a532b695b1edacce0e714b91cd8b77"},"headline":"Grad Mostar stao uz organizaciju Continental Blidinje BIKE Festivala","datePublished":"2024-06-10T11:37:41+00:00","dateModified":"2025-09-05T12:30:35+00:00","mainEntityOfPage":{"@id":"https:\/\/bbf.ba\/grad-mostar-stao-uz-organizaciju-continental-blidinje-bike-festivala\/"},"wordCount":592,"publisher":{"@id":"https:\/\/bbf.ba\/#organization"},"image":{"@id":"https:\/\/bbf.ba\/grad-mostar-stao-uz-organizaciju-continental-blidinje-bike-festivala\/#primaryimage"},"thumbnailUrl":"https:\/\/bbf.ba\/wp-content\/uploads\/2024\/06\/Grad-Mostar-Blidinje-Bike-Festival-naslovna.jpg","articleSection":["News"],"inLanguage":"en-US"},{"@type":"WebPage","@id":"https:\/\/bbf.ba\/grad-mostar-stao-uz-organizaciju-continental-blidinje-bike-festivala\/","url":"https:\/\/bbf.ba\/grad-mostar-stao-uz-organizaciju-continental-blidinje-bike-festivala\/","name":"Grad Mostar stao uz organizaciju Continental Blidinje BIKE Festivala - Blidinje BIKE Festival","isPartOf":{"@id":"https:\/\/bbf.ba\/#website"},"primaryImageOfPage":{"@id":"https:\/\/bbf.ba\/grad-mostar-stao-uz-organizaciju-continental-blidinje-bike-festivala\/#primaryimage"},"image":{"@id":"https:\/\/bbf.ba\/grad-mostar-stao-uz-organizaciju-continental-blidinje-bike-festivala\/#primaryimage"},"thumbnailUrl":"https:\/\/bbf.ba\/wp-content\/uploads\/2024\/06\/Grad-Mostar-Blidinje-Bike-Festival-naslovna.jpg","datePublished":"2024-06-10T11:37:41+00:00","dateModified":"2025-09-05T12:30:35+00:00","description":"Grad Mostar pru\u017eio je sna\u017enu podr\u0161ku doga\u0111aju Continental Blidinje BIKE Festivalu, jednom od najve\u0107ih biciklisti\u010dkih festivala u BIH...","breadcrumb":{"@id":"https:\/\/bbf.ba\/grad-mostar-stao-uz-organizaciju-continental-blidinje-bike-festivala\/#breadcrumb"},"inLanguage":"en-US","potentialAction":[{"@type":"ReadAction","target":["https:\/\/bbf.ba\/grad-mostar-stao-uz-organizaciju-continental-blidinje-bike-festivala\/"]}]},{"@type":"ImageObject","inLanguage":"en-US","@id":"https:\/\/bbf.ba\/grad-mostar-stao-uz-organizaciju-continental-blidinje-bike-festivala\/#primaryimage","url":"https:\/\/bbf.ba\/wp-content\/uploads\/2024\/06\/Grad-Mostar-Blidinje-Bike-Festival-naslovna.jpg","contentUrl":"https:\/\/bbf.ba\/wp-content\/uploads\/2024\/06\/Grad-Mostar-Blidinje-Bike-Festival-naslovna.jpg","width":1200,"height":800},{"@type":"BreadcrumbList","@id":"https:\/\/bbf.ba\/grad-mostar-stao-uz-organizaciju-continental-blidinje-bike-festivala\/#breadcrumb","itemListElement":[{"@type":"ListItem","position":1,"name":"Home","item":"https:\/\/bbf.ba\/"},{"@type":"ListItem","position":2,"name":"Grad Mostar stao uz organizaciju Continental Blidinje BIKE Festivala"}]},{"@type":"WebSite","@id":"https:\/\/bbf.ba\/#website","url":"https:\/\/bbf.ba\/","name":"Blidinje BIKE Festival","description":"","publisher":{"@id":"https:\/\/bbf.ba\/#organization"},"potentialAction":[{"@type":"SearchAction","target":{"@type":"EntryPoint","urlTemplate":"https:\/\/bbf.ba\/?s={search_term_string}"},"query-input":{"@type":"PropertyValueSpecification","valueRequired":true,"valueName":"search_term_string"}}],"inLanguage":"en-US"},{"@type":"Organization","@id":"https:\/\/bbf.ba\/#organization","name":"Blidinje BIKE Festival","url":"https:\/\/bbf.ba\/","logo":{"@type":"ImageObject","inLanguage":"en-US","@id":"https:\/\/bbf.ba\/#\/schema\/logo\/image\/","url":"https:\/\/bbf.ba\/wp-content\/uploads\/2023\/11\/cropped-Logo-plavi-transparent-BBF.png","contentUrl":"https:\/\/bbf.ba\/wp-content\/uploads\/2023\/11\/cropped-Logo-plavi-transparent-BBF.png","width":512,"height":512,"caption":"Blidinje BIKE Festival"},"image":{"@id":"https:\/\/bbf.ba\/#\/schema\/logo\/image\/"}},{"@type":"Person","@id":"https:\/\/bbf.ba\/#\/schema\/person\/24a532b695b1edacce0e714b91cd8b77","name":"Herzegovina Bike","image":{"@type":"ImageObject","inLanguage":"en-US","@id":"https:\/\/secure.gravatar.com\/avatar\/1230becc54fa4eb7fc3243df288cb76c8ed772ec782045274280fff37c946897?s=96&d=mm&r=g","url":"https:\/\/secure.gravatar.com\/avatar\/1230becc54fa4eb7fc3243df288cb76c8ed772ec782045274280fff37c946897?s=96&d=mm&r=g","contentUrl":"https:\/\/secure.gravatar.com\/avatar\/1230becc54fa4eb7fc3243df288cb76c8ed772ec782045274280fff37c946897?s=96&d=mm&r=g","caption":"Herzegovina Bike"},"sameAs":["http:\/\/bbf.ba"],"url":"https:\/\/bbf.ba\/en\/author\/toni\/"}]}},"_links":{"self":[{"href":"https:\/\/bbf.ba\/en\/wp-json\/wp\/v2\/posts\/4212","targetHints":{"allow":["GET"]}}],"collection":[{"href":"https:\/\/bbf.ba\/en\/wp-json\/wp\/v2\/posts"}],"about":[{"href":"https:\/\/bbf.ba\/en\/wp-json\/wp\/v2\/types\/post"}],"author":[{"embeddable":true,"href":"https:\/\/bbf.ba\/en\/wp-json\/wp\/v2\/users\/2"}],"replies":[{"embeddable":true,"href":"https:\/\/bbf.ba\/en\/wp-json\/wp\/v2\/comments?post=4212"}],"version-history":[{"count":1,"href":"https:\/\/bbf.ba\/en\/wp-json\/wp\/v2\/posts\/4212\/revisions"}],"predecessor-version":[{"id":4221,"href":"https:\/\/bbf.ba\/en\/wp-json\/wp\/v2\/posts\/4212\/revisions\/4221"}],"wp:featuredmedia":[{"embeddable":true,"href":"https:\/\/bbf.ba\/en\/wp-json\/wp\/v2\/media\/4213"}],"wp:attachment":[{"href":"https:\/\/bbf.ba\/en\/wp-json\/wp\/v2\/media?parent=4212"}],"wp:term":[{"taxonomy":"category","embeddable":true,"href":"https:\/\/bbf.ba\/en\/wp-json\/wp\/v2\/categories?post=4212"},{"taxonomy":"post_tag","embeddable":true,"href":"https:\/\/bbf.ba\/en\/wp-json\/wp\/v2\/tags?post=4212"}],"curies":[{"name":"wp","href":"https:\/\/api.w.org\/{rel}","templated":true}]}}