{"id":4194,"date":"2024-05-28T20:26:32","date_gmt":"2024-05-28T18:26:32","guid":{"rendered":"https:\/\/bbf.ba\/?p=4194"},"modified":"2025-09-05T14:30:36","modified_gmt":"2025-09-05T12:30:36","slug":"vlada-hnz-a-pokroviteljica-continental-blidinje-bike-festivala","status":"publish","type":"post","link":"https:\/\/bbf.ba\/en\/vlada-hnz-a-pokroviteljica-continental-blidinje-bike-festivala\/","title":{"rendered":"The Government of HN\u017d sponsors the Continental Blidinje BIKE Festival"},"content":{"rendered":"<p>The organizers of the event \"Continental Blidinje BIKE Festival\", which is held for the seventh year in a row, but for the first time as a higher-level event, i.e. as the Balkan Championship and the UCI Class 1 XCM Herzegovina Marathon, with the approval of the Balkan Federation and the World Cycling Federation, were presented today by the presidents of the Government of Herzegovina- Neretva County <strong>Mariji Buha\u010d<\/strong> project of this year's event.<\/p>\n\n\n\n<p>The President of the Cycling Association of BiH, Toni Zori\u0107, emphasized the touristic and economic importance of both the project itself, which is growing into a traditional summer event in the Blidinje Nature Park, and the fact that this year they are making a big step forward in terms of gathering cyclists from approximately 20 European countries, with hundreds of participants. on the trails of Blidinje, which in lengths of 56 km and 85 km will pass through the most beautiful areas of Blidinje, but also connect cultural and historical destinations.<\/p>\n\n\n\n<div class=\"wp-block-columns is-layout-flex wp-container-core-columns-is-layout-9d6595d7 wp-block-columns-is-layout-flex\">\n<div class=\"wp-block-column is-layout-flow wp-block-column-is-layout-flow\">\n<figure class=\"wp-block-image size-large\"><img fetchpriority=\"high\" decoding=\"async\" width=\"1024\" height=\"683\" src=\"https:\/\/bbf.ba\/wp-content\/uploads\/2024\/05\/Vlada-HNZ-BBF-3-1024x683.jpg\" alt=\"\" class=\"wp-image-4197\" srcset=\"https:\/\/bbf.ba\/wp-content\/uploads\/2024\/05\/Vlada-HNZ-BBF-3-1024x683.jpg 1024w, https:\/\/bbf.ba\/wp-content\/uploads\/2024\/05\/Vlada-HNZ-BBF-3-300x200.jpg 300w, https:\/\/bbf.ba\/wp-content\/uploads\/2024\/05\/Vlada-HNZ-BBF-3-768x512.jpg 768w, https:\/\/bbf.ba\/wp-content\/uploads\/2024\/05\/Vlada-HNZ-BBF-3-18x12.jpg 18w, https:\/\/bbf.ba\/wp-content\/uploads\/2024\/05\/Vlada-HNZ-BBF-3-770x513.jpg 770w, https:\/\/bbf.ba\/wp-content\/uploads\/2024\/05\/Vlada-HNZ-BBF-3.jpg 1200w\" sizes=\"(max-width: 1024px) 100vw, 1024px\" \/><\/figure>\n<\/div>\n\n\n\n<div class=\"wp-block-column is-layout-flow wp-block-column-is-layout-flow\">\n<figure class=\"wp-block-image size-large\"><img decoding=\"async\" width=\"1024\" height=\"683\" src=\"https:\/\/bbf.ba\/wp-content\/uploads\/2024\/05\/Vlada-HNZ-BBF-4-1024x683.jpg\" alt=\"\" class=\"wp-image-4198\" srcset=\"https:\/\/bbf.ba\/wp-content\/uploads\/2024\/05\/Vlada-HNZ-BBF-4-1024x683.jpg 1024w, https:\/\/bbf.ba\/wp-content\/uploads\/2024\/05\/Vlada-HNZ-BBF-4-300x200.jpg 300w, https:\/\/bbf.ba\/wp-content\/uploads\/2024\/05\/Vlada-HNZ-BBF-4-768x512.jpg 768w, https:\/\/bbf.ba\/wp-content\/uploads\/2024\/05\/Vlada-HNZ-BBF-4-18x12.jpg 18w, https:\/\/bbf.ba\/wp-content\/uploads\/2024\/05\/Vlada-HNZ-BBF-4-770x513.jpg 770w, https:\/\/bbf.ba\/wp-content\/uploads\/2024\/05\/Vlada-HNZ-BBF-4.jpg 1200w\" sizes=\"(max-width: 1024px) 100vw, 1024px\" \/><\/figure>\n<\/div>\n<\/div>\n\n\n\n<p>\"The World Cycling Federation (UCI) approved us to organize a first-class race, with the ultimate intention of organizing the European Championship in Herzegovina, expected in the coming four years. The project is extremely complex, large and comprehensive, because over three days, with the opening on July 12, in addition to the official race, we have planned a family recreational day, an appropriate fair of cycling equipment and indigenous Herzegovina products, training for new cycle tourism guides, training for children and young athletes , but also our tourist offers. As Blidinje administratively belongs to the area of three counties, family businesses, small businesses, restaurateurs and tourism workers from the area of HN\u017d, ZH\u017d and HB\u017d are also included in the organization\", explained Zori\u0107.<\/p>\n\n\n\n<p>Apart from him, the project was also discussed <strong>Marija Vukoja<\/strong>, head of the \"Visit Blidinje\" project and <strong>Ivan Jurilj<\/strong>, director of the Office for European Integration at the Government of ZH\u017d, has been actively involved in projects for the development of cycle tourism and the branding of Herzegovina as a unique tourist product for years.<\/p>\n\n\n\n<figure class=\"wp-block-image aligncenter size-large\"><img decoding=\"async\" width=\"1024\" height=\"683\" src=\"https:\/\/bbf.ba\/wp-content\/uploads\/2024\/05\/Vlada-HNZ-BBF-2-1024x683.jpg\" alt=\"\" class=\"wp-image-4196\" srcset=\"https:\/\/bbf.ba\/wp-content\/uploads\/2024\/05\/Vlada-HNZ-BBF-2-1024x683.jpg 1024w, https:\/\/bbf.ba\/wp-content\/uploads\/2024\/05\/Vlada-HNZ-BBF-2-300x200.jpg 300w, https:\/\/bbf.ba\/wp-content\/uploads\/2024\/05\/Vlada-HNZ-BBF-2-768x512.jpg 768w, https:\/\/bbf.ba\/wp-content\/uploads\/2024\/05\/Vlada-HNZ-BBF-2-18x12.jpg 18w, https:\/\/bbf.ba\/wp-content\/uploads\/2024\/05\/Vlada-HNZ-BBF-2-770x513.jpg 770w, https:\/\/bbf.ba\/wp-content\/uploads\/2024\/05\/Vlada-HNZ-BBF-2.jpg 1200w\" sizes=\"(max-width: 1024px) 100vw, 1024px\" \/><\/figure>\n\n\n\n<p>\u201c<em>This is a serious project on the path of tourism development not only in HN\u017d, but in Herzegovina as a region and it deserves our attention and support. Cyclotourism is undoubtedly one of the most potent tourism branches in this climate and, as such, it naturally stands out among our strategically important activities, especially in the light of the preparation of the Tourism Development Strategy of HN\u017d. The support of the Government of HN\u017d will not be lacking, and I am of the opinion that, together with colleagues from neighboring counties, we must strongly support ideas and projects that lead to the creation of a unique Herzegovinian tourist brand that makes us more globally visible and attractive. The Balkan, tomorrow and European cycling championships in our natural pearl, the Blidinje Nature Park, is certainly one of those<\/em>\", concluded Buha\u010d.<\/p>\n\n\n\n<p>Continental Blidinje BIKE Festival, the largest cycling festival in Bosnia and Herzegovina, will be held from July 12-14, 2024, and the organizers are announcing a spectacular weekend. You can view the event program on the official website <a href=\"https:\/\/bbf.ba\/en\/\"><strong>Blidinje BIKE Festivala (link)<\/strong><\/a>.<\/p>","protected":false},"excerpt":{"rendered":"<p>Organizatori manifestacije &#8221;Continental Blidinje BIKE Festival&#8221; koja se odr\u017eava sedmu godinu zaredom, ali prvi put kao doga\u0111aj vi\u0161e razine odnosno kao Balkansko prvenstvo i UCI Class 1 XCM Herzegovina maraton, uz odobrenja Balkanske Federacije i Svjetske biciklisti\u010dke Federacije, predstavili su danas predsjednici Vlade Hercegova\u010dko-neretvanske \u017eupanije Mariji Buha\u010d projekt ovogodi\u0161njega doga\u0111aja. Predsjednik Biciklisti\u010dkoga saveza BiH, Toni Zori\u0107 naglasio je turisti\u010dki i gospodarski zna\u010daj kako samoga projekta koji prerasta u tradicionalan ljetni[&hellip;]<\/p>\n","protected":false},"author":2,"featured_media":4195,"comment_status":"closed","ping_status":"open","sticky":false,"template":"","format":"standard","meta":{"_acf_changed":false,"footnotes":""},"categories":[60],"tags":[],"class_list":["post-4194","post","type-post","status-publish","format-standard","has-post-thumbnail","hentry","category-news"],"acf":[],"yoast_head":"<!-- This site is optimized with the Yoast SEO Premium plugin v21.7 (Yoast SEO v27.3) - https:\/\/yoast.com\/product\/yoast-seo-premium-wordpress\/ -->\n<title>Vlada HN\u017d-a pokroviteljica Continental Blidinje BIKE Festivala - Blidinje BIKE Festival<\/title>\n<meta name=\"description\" content=\"Organizatori manifestacije &#039;&#039;Continental Blidinje BIKE Festival&#039;&#039; koja se odr\u017eava sedmu godinu zaredom, ali prvi put kao doga\u0111aj vi\u0161e razine\" \/>\n<meta name=\"robots\" content=\"index, follow, max-snippet:-1, max-image-preview:large, max-video-preview:-1\" \/>\n<link rel=\"canonical\" href=\"https:\/\/bbf.ba\/en\/vlada-hnz-a-pokroviteljica-continental-blidinje-bike-festivala\/\" \/>\n<meta property=\"og:locale\" content=\"en_US\" \/>\n<meta property=\"og:type\" content=\"article\" \/>\n<meta property=\"og:title\" content=\"Vlada HN\u017d-a pokroviteljica Continental Blidinje BIKE Festivala\" \/>\n<meta property=\"og:description\" content=\"Organizatori manifestacije &#039;&#039;Continental Blidinje BIKE Festival&#039;&#039; koja se odr\u017eava sedmu godinu zaredom, ali prvi put kao doga\u0111aj vi\u0161e razine\" \/>\n<meta property=\"og:url\" content=\"https:\/\/bbf.ba\/en\/vlada-hnz-a-pokroviteljica-continental-blidinje-bike-festivala\/\" \/>\n<meta property=\"og:site_name\" content=\"Blidinje BIKE Festival\" \/>\n<meta property=\"article:published_time\" content=\"2024-05-28T18:26:32+00:00\" \/>\n<meta property=\"article:modified_time\" content=\"2025-09-05T12:30:36+00:00\" \/>\n<meta property=\"og:image\" content=\"https:\/\/bbf.ba\/wp-content\/uploads\/2024\/05\/Vlada-HNZ-BBF-1.jpg\" \/>\n\t<meta property=\"og:image:width\" content=\"1200\" \/>\n\t<meta property=\"og:image:height\" content=\"800\" \/>\n\t<meta property=\"og:image:type\" content=\"image\/jpeg\" \/>\n<meta name=\"author\" content=\"Herzegovina Bike\" \/>\n<meta name=\"twitter:card\" content=\"summary_large_image\" \/>\n<meta name=\"twitter:label1\" content=\"Written by\" \/>\n\t<meta name=\"twitter:data1\" content=\"Herzegovina Bike\" \/>\n\t<meta name=\"twitter:label2\" content=\"Est. reading time\" \/>\n\t<meta name=\"twitter:data2\" content=\"3 minutes\" \/>\n<script type=\"application\/ld+json\" class=\"yoast-schema-graph\">{\"@context\":\"https:\\\/\\\/schema.org\",\"@graph\":[{\"@type\":\"Article\",\"@id\":\"https:\\\/\\\/bbf.ba\\\/vlada-hnz-a-pokroviteljica-continental-blidinje-bike-festivala\\\/#article\",\"isPartOf\":{\"@id\":\"https:\\\/\\\/bbf.ba\\\/vlada-hnz-a-pokroviteljica-continental-blidinje-bike-festivala\\\/\"},\"author\":{\"name\":\"Herzegovina Bike\",\"@id\":\"https:\\\/\\\/bbf.ba\\\/#\\\/schema\\\/person\\\/24a532b695b1edacce0e714b91cd8b77\"},\"headline\":\"Vlada HN\u017d-a pokroviteljica Continental Blidinje BIKE Festivala\",\"datePublished\":\"2024-05-28T18:26:32+00:00\",\"dateModified\":\"2025-09-05T12:30:36+00:00\",\"mainEntityOfPage\":{\"@id\":\"https:\\\/\\\/bbf.ba\\\/vlada-hnz-a-pokroviteljica-continental-blidinje-bike-festivala\\\/\"},\"wordCount\":463,\"publisher\":{\"@id\":\"https:\\\/\\\/bbf.ba\\\/#organization\"},\"image\":{\"@id\":\"https:\\\/\\\/bbf.ba\\\/vlada-hnz-a-pokroviteljica-continental-blidinje-bike-festivala\\\/#primaryimage\"},\"thumbnailUrl\":\"https:\\\/\\\/bbf.ba\\\/wp-content\\\/uploads\\\/2024\\\/05\\\/Vlada-HNZ-BBF-1.jpg\",\"articleSection\":[\"News\"],\"inLanguage\":\"en-US\"},{\"@type\":\"WebPage\",\"@id\":\"https:\\\/\\\/bbf.ba\\\/vlada-hnz-a-pokroviteljica-continental-blidinje-bike-festivala\\\/\",\"url\":\"https:\\\/\\\/bbf.ba\\\/vlada-hnz-a-pokroviteljica-continental-blidinje-bike-festivala\\\/\",\"name\":\"Vlada HN\u017d-a pokroviteljica Continental Blidinje BIKE Festivala - Blidinje BIKE Festival\",\"isPartOf\":{\"@id\":\"https:\\\/\\\/bbf.ba\\\/#website\"},\"primaryImageOfPage\":{\"@id\":\"https:\\\/\\\/bbf.ba\\\/vlada-hnz-a-pokroviteljica-continental-blidinje-bike-festivala\\\/#primaryimage\"},\"image\":{\"@id\":\"https:\\\/\\\/bbf.ba\\\/vlada-hnz-a-pokroviteljica-continental-blidinje-bike-festivala\\\/#primaryimage\"},\"thumbnailUrl\":\"https:\\\/\\\/bbf.ba\\\/wp-content\\\/uploads\\\/2024\\\/05\\\/Vlada-HNZ-BBF-1.jpg\",\"datePublished\":\"2024-05-28T18:26:32+00:00\",\"dateModified\":\"2025-09-05T12:30:36+00:00\",\"description\":\"Organizatori manifestacije ''Continental Blidinje BIKE Festival'' koja se odr\u017eava sedmu godinu zaredom, ali prvi put kao doga\u0111aj vi\u0161e razine\",\"breadcrumb\":{\"@id\":\"https:\\\/\\\/bbf.ba\\\/vlada-hnz-a-pokroviteljica-continental-blidinje-bike-festivala\\\/#breadcrumb\"},\"inLanguage\":\"en-US\",\"potentialAction\":[{\"@type\":\"ReadAction\",\"target\":[\"https:\\\/\\\/bbf.ba\\\/vlada-hnz-a-pokroviteljica-continental-blidinje-bike-festivala\\\/\"]}]},{\"@type\":\"ImageObject\",\"inLanguage\":\"en-US\",\"@id\":\"https:\\\/\\\/bbf.ba\\\/vlada-hnz-a-pokroviteljica-continental-blidinje-bike-festivala\\\/#primaryimage\",\"url\":\"https:\\\/\\\/bbf.ba\\\/wp-content\\\/uploads\\\/2024\\\/05\\\/Vlada-HNZ-BBF-1.jpg\",\"contentUrl\":\"https:\\\/\\\/bbf.ba\\\/wp-content\\\/uploads\\\/2024\\\/05\\\/Vlada-HNZ-BBF-1.jpg\",\"width\":1200,\"height\":800},{\"@type\":\"BreadcrumbList\",\"@id\":\"https:\\\/\\\/bbf.ba\\\/vlada-hnz-a-pokroviteljica-continental-blidinje-bike-festivala\\\/#breadcrumb\",\"itemListElement\":[{\"@type\":\"ListItem\",\"position\":1,\"name\":\"Home\",\"item\":\"https:\\\/\\\/bbf.ba\\\/\"},{\"@type\":\"ListItem\",\"position\":2,\"name\":\"Vlada HN\u017d-a pokroviteljica Continental Blidinje BIKE Festivala\"}]},{\"@type\":\"WebSite\",\"@id\":\"https:\\\/\\\/bbf.ba\\\/#website\",\"url\":\"https:\\\/\\\/bbf.ba\\\/\",\"name\":\"Blidinje BIKE Festival\",\"description\":\"\",\"publisher\":{\"@id\":\"https:\\\/\\\/bbf.ba\\\/#organization\"},\"potentialAction\":[{\"@type\":\"SearchAction\",\"target\":{\"@type\":\"EntryPoint\",\"urlTemplate\":\"https:\\\/\\\/bbf.ba\\\/?s={search_term_string}\"},\"query-input\":{\"@type\":\"PropertyValueSpecification\",\"valueRequired\":true,\"valueName\":\"search_term_string\"}}],\"inLanguage\":\"en-US\"},{\"@type\":\"Organization\",\"@id\":\"https:\\\/\\\/bbf.ba\\\/#organization\",\"name\":\"Blidinje BIKE Festival\",\"url\":\"https:\\\/\\\/bbf.ba\\\/\",\"logo\":{\"@type\":\"ImageObject\",\"inLanguage\":\"en-US\",\"@id\":\"https:\\\/\\\/bbf.ba\\\/#\\\/schema\\\/logo\\\/image\\\/\",\"url\":\"https:\\\/\\\/bbf.ba\\\/wp-content\\\/uploads\\\/2023\\\/11\\\/cropped-Logo-plavi-transparent-BBF.png\",\"contentUrl\":\"https:\\\/\\\/bbf.ba\\\/wp-content\\\/uploads\\\/2023\\\/11\\\/cropped-Logo-plavi-transparent-BBF.png\",\"width\":512,\"height\":512,\"caption\":\"Blidinje BIKE Festival\"},\"image\":{\"@id\":\"https:\\\/\\\/bbf.ba\\\/#\\\/schema\\\/logo\\\/image\\\/\"}},{\"@type\":\"Person\",\"@id\":\"https:\\\/\\\/bbf.ba\\\/#\\\/schema\\\/person\\\/24a532b695b1edacce0e714b91cd8b77\",\"name\":\"Herzegovina Bike\",\"image\":{\"@type\":\"ImageObject\",\"inLanguage\":\"en-US\",\"@id\":\"https:\\\/\\\/secure.gravatar.com\\\/avatar\\\/1230becc54fa4eb7fc3243df288cb76c8ed772ec782045274280fff37c946897?s=96&d=mm&r=g\",\"url\":\"https:\\\/\\\/secure.gravatar.com\\\/avatar\\\/1230becc54fa4eb7fc3243df288cb76c8ed772ec782045274280fff37c946897?s=96&d=mm&r=g\",\"contentUrl\":\"https:\\\/\\\/secure.gravatar.com\\\/avatar\\\/1230becc54fa4eb7fc3243df288cb76c8ed772ec782045274280fff37c946897?s=96&d=mm&r=g\",\"caption\":\"Herzegovina Bike\"},\"sameAs\":[\"http:\\\/\\\/bbf.ba\"],\"url\":\"https:\\\/\\\/bbf.ba\\\/en\\\/author\\\/toni\\\/\"}]}<\/script>\n<!-- \/ Yoast SEO Premium plugin. -->","yoast_head_json":{"title":"Vlada HN\u017d-a pokroviteljica Continental Blidinje BIKE Festivala - Blidinje BIKE Festival","description":"Organizatori manifestacije ''Continental Blidinje BIKE Festival'' koja se odr\u017eava sedmu godinu zaredom, ali prvi put kao doga\u0111aj vi\u0161e razine","robots":{"index":"index","follow":"follow","max-snippet":"max-snippet:-1","max-image-preview":"max-image-preview:large","max-video-preview":"max-video-preview:-1"},"canonical":"https:\/\/bbf.ba\/en\/vlada-hnz-a-pokroviteljica-continental-blidinje-bike-festivala\/","og_locale":"en_US","og_type":"article","og_title":"Vlada HN\u017d-a pokroviteljica Continental Blidinje BIKE Festivala","og_description":"Organizatori manifestacije ''Continental Blidinje BIKE Festival'' koja se odr\u017eava sedmu godinu zaredom, ali prvi put kao doga\u0111aj vi\u0161e razine","og_url":"https:\/\/bbf.ba\/en\/vlada-hnz-a-pokroviteljica-continental-blidinje-bike-festivala\/","og_site_name":"Blidinje BIKE Festival","article_published_time":"2024-05-28T18:26:32+00:00","article_modified_time":"2025-09-05T12:30:36+00:00","og_image":[{"width":1200,"height":800,"url":"https:\/\/bbf.ba\/wp-content\/uploads\/2024\/05\/Vlada-HNZ-BBF-1.jpg","type":"image\/jpeg"}],"author":"Herzegovina Bike","twitter_card":"summary_large_image","twitter_misc":{"Written by":"Herzegovina Bike","Est. reading time":"3 minutes"},"schema":{"@context":"https:\/\/schema.org","@graph":[{"@type":"Article","@id":"https:\/\/bbf.ba\/vlada-hnz-a-pokroviteljica-continental-blidinje-bike-festivala\/#article","isPartOf":{"@id":"https:\/\/bbf.ba\/vlada-hnz-a-pokroviteljica-continental-blidinje-bike-festivala\/"},"author":{"name":"Herzegovina Bike","@id":"https:\/\/bbf.ba\/#\/schema\/person\/24a532b695b1edacce0e714b91cd8b77"},"headline":"Vlada HN\u017d-a pokroviteljica Continental Blidinje BIKE Festivala","datePublished":"2024-05-28T18:26:32+00:00","dateModified":"2025-09-05T12:30:36+00:00","mainEntityOfPage":{"@id":"https:\/\/bbf.ba\/vlada-hnz-a-pokroviteljica-continental-blidinje-bike-festivala\/"},"wordCount":463,"publisher":{"@id":"https:\/\/bbf.ba\/#organization"},"image":{"@id":"https:\/\/bbf.ba\/vlada-hnz-a-pokroviteljica-continental-blidinje-bike-festivala\/#primaryimage"},"thumbnailUrl":"https:\/\/bbf.ba\/wp-content\/uploads\/2024\/05\/Vlada-HNZ-BBF-1.jpg","articleSection":["News"],"inLanguage":"en-US"},{"@type":"WebPage","@id":"https:\/\/bbf.ba\/vlada-hnz-a-pokroviteljica-continental-blidinje-bike-festivala\/","url":"https:\/\/bbf.ba\/vlada-hnz-a-pokroviteljica-continental-blidinje-bike-festivala\/","name":"Vlada HN\u017d-a pokroviteljica Continental Blidinje BIKE Festivala - Blidinje BIKE Festival","isPartOf":{"@id":"https:\/\/bbf.ba\/#website"},"primaryImageOfPage":{"@id":"https:\/\/bbf.ba\/vlada-hnz-a-pokroviteljica-continental-blidinje-bike-festivala\/#primaryimage"},"image":{"@id":"https:\/\/bbf.ba\/vlada-hnz-a-pokroviteljica-continental-blidinje-bike-festivala\/#primaryimage"},"thumbnailUrl":"https:\/\/bbf.ba\/wp-content\/uploads\/2024\/05\/Vlada-HNZ-BBF-1.jpg","datePublished":"2024-05-28T18:26:32+00:00","dateModified":"2025-09-05T12:30:36+00:00","description":"Organizatori manifestacije ''Continental Blidinje BIKE Festival'' koja se odr\u017eava sedmu godinu zaredom, ali prvi put kao doga\u0111aj vi\u0161e razine","breadcrumb":{"@id":"https:\/\/bbf.ba\/vlada-hnz-a-pokroviteljica-continental-blidinje-bike-festivala\/#breadcrumb"},"inLanguage":"en-US","potentialAction":[{"@type":"ReadAction","target":["https:\/\/bbf.ba\/vlada-hnz-a-pokroviteljica-continental-blidinje-bike-festivala\/"]}]},{"@type":"ImageObject","inLanguage":"en-US","@id":"https:\/\/bbf.ba\/vlada-hnz-a-pokroviteljica-continental-blidinje-bike-festivala\/#primaryimage","url":"https:\/\/bbf.ba\/wp-content\/uploads\/2024\/05\/Vlada-HNZ-BBF-1.jpg","contentUrl":"https:\/\/bbf.ba\/wp-content\/uploads\/2024\/05\/Vlada-HNZ-BBF-1.jpg","width":1200,"height":800},{"@type":"BreadcrumbList","@id":"https:\/\/bbf.ba\/vlada-hnz-a-pokroviteljica-continental-blidinje-bike-festivala\/#breadcrumb","itemListElement":[{"@type":"ListItem","position":1,"name":"Home","item":"https:\/\/bbf.ba\/"},{"@type":"ListItem","position":2,"name":"Vlada HN\u017d-a pokroviteljica Continental Blidinje BIKE Festivala"}]},{"@type":"WebSite","@id":"https:\/\/bbf.ba\/#website","url":"https:\/\/bbf.ba\/","name":"Blidinje BIKE Festival","description":"","publisher":{"@id":"https:\/\/bbf.ba\/#organization"},"potentialAction":[{"@type":"SearchAction","target":{"@type":"EntryPoint","urlTemplate":"https:\/\/bbf.ba\/?s={search_term_string}"},"query-input":{"@type":"PropertyValueSpecification","valueRequired":true,"valueName":"search_term_string"}}],"inLanguage":"en-US"},{"@type":"Organization","@id":"https:\/\/bbf.ba\/#organization","name":"Blidinje BIKE Festival","url":"https:\/\/bbf.ba\/","logo":{"@type":"ImageObject","inLanguage":"en-US","@id":"https:\/\/bbf.ba\/#\/schema\/logo\/image\/","url":"https:\/\/bbf.ba\/wp-content\/uploads\/2023\/11\/cropped-Logo-plavi-transparent-BBF.png","contentUrl":"https:\/\/bbf.ba\/wp-content\/uploads\/2023\/11\/cropped-Logo-plavi-transparent-BBF.png","width":512,"height":512,"caption":"Blidinje BIKE Festival"},"image":{"@id":"https:\/\/bbf.ba\/#\/schema\/logo\/image\/"}},{"@type":"Person","@id":"https:\/\/bbf.ba\/#\/schema\/person\/24a532b695b1edacce0e714b91cd8b77","name":"Herzegovina Bike","image":{"@type":"ImageObject","inLanguage":"en-US","@id":"https:\/\/secure.gravatar.com\/avatar\/1230becc54fa4eb7fc3243df288cb76c8ed772ec782045274280fff37c946897?s=96&d=mm&r=g","url":"https:\/\/secure.gravatar.com\/avatar\/1230becc54fa4eb7fc3243df288cb76c8ed772ec782045274280fff37c946897?s=96&d=mm&r=g","contentUrl":"https:\/\/secure.gravatar.com\/avatar\/1230becc54fa4eb7fc3243df288cb76c8ed772ec782045274280fff37c946897?s=96&d=mm&r=g","caption":"Herzegovina Bike"},"sameAs":["http:\/\/bbf.ba"],"url":"https:\/\/bbf.ba\/en\/author\/toni\/"}]}},"_links":{"self":[{"href":"https:\/\/bbf.ba\/en\/wp-json\/wp\/v2\/posts\/4194","targetHints":{"allow":["GET"]}}],"collection":[{"href":"https:\/\/bbf.ba\/en\/wp-json\/wp\/v2\/posts"}],"about":[{"href":"https:\/\/bbf.ba\/en\/wp-json\/wp\/v2\/types\/post"}],"author":[{"embeddable":true,"href":"https:\/\/bbf.ba\/en\/wp-json\/wp\/v2\/users\/2"}],"replies":[{"embeddable":true,"href":"https:\/\/bbf.ba\/en\/wp-json\/wp\/v2\/comments?post=4194"}],"version-history":[{"count":1,"href":"https:\/\/bbf.ba\/en\/wp-json\/wp\/v2\/posts\/4194\/revisions"}],"predecessor-version":[{"id":4199,"href":"https:\/\/bbf.ba\/en\/wp-json\/wp\/v2\/posts\/4194\/revisions\/4199"}],"wp:featuredmedia":[{"embeddable":true,"href":"https:\/\/bbf.ba\/en\/wp-json\/wp\/v2\/media\/4195"}],"wp:attachment":[{"href":"https:\/\/bbf.ba\/en\/wp-json\/wp\/v2\/media?parent=4194"}],"wp:term":[{"taxonomy":"category","embeddable":true,"href":"https:\/\/bbf.ba\/en\/wp-json\/wp\/v2\/categories?post=4194"},{"taxonomy":"post_tag","embeddable":true,"href":"https:\/\/bbf.ba\/en\/wp-json\/wp\/v2\/tags?post=4194"}],"curies":[{"name":"wp","href":"https:\/\/api.w.org\/{rel}","templated":true}]}}